{"id":1043,"date":"2023-04-03T09:06:48","date_gmt":"2023-04-03T12:06:48","guid":{"rendered":"https:\/\/comcristonocerrado.org\/?p=1043"},"modified":"2023-04-03T09:06:49","modified_gmt":"2023-04-03T12:06:49","slug":"com-cristo-no-cerrado-e-parceiros-realizam-palestra-em-campo-verde-mt-com-antonio-cabrera","status":"publish","type":"post","link":"https:\/\/comcristonocerrado.org\/?p=1043","title":{"rendered":"Com Cristo no Cerrado e parceiros realizam palestra em Campo Verde-MT com Ant\u00f4nio Cabrera"},"content":{"rendered":"\n<figure class=\"wp-block-image\"><img decoding=\"async\" src=\"https:\/\/jovemsulnews.com.br\/wp-content\/uploads\/2023\/03\/ALBERTO-SCHLATTER-EM-CAMPO-VERDE.jpg\" alt=\"\" class=\"wp-image-40163\"\/><figcaption class=\"wp-element-caption\"><em>Alberto Schlatter abriu o evento<\/em><\/figcaption><\/figure>\n\n\n\n<p>O ex-ministro da agricultura, Antonio Cabrera palestrou, a convite do Com Cristo no Cerrado e parceiros, no Centro Empresarial da cidade de Campo Verde (MT), com o tema: Perspectivas de neg\u00f3cios para o agroneg\u00f3cio e o com\u00e9rcio.<\/p>\n\n\n\n<p>Seguindo a sua miss\u00e3o de disseminar a palavra de Deus aos homens de neg\u00f3cios e a todas as fam\u00edlias ligadas a cadeia produtiva do agroneg\u00f3cio, o Com Cristo no Cerrado realizou mais uma palestra.<\/p>\n\n\n\n<p>Na noite de 28 de mar\u00e7o a palestra ocorreu na sede do Centro Empresarial de Campo Verde (MT), que contou com a participa\u00e7\u00e3o do Presidente do Com Cristo no Cerrado, Alberto Schlatter e um seleto p\u00fablico, para ouvirem Antonio Cabrera.<\/p>\n\n\n\n<figure class=\"wp-block-image\"><img decoding=\"async\" src=\"https:\/\/jovemsulnews.com.br\/wp-content\/uploads\/2023\/03\/PALESTRA-COM-ANTONIO-CABRERA.jpeg\" alt=\"\" class=\"wp-image-40165\"\/><\/figure>\n\n\n\n<p>Empres\u00e1rio do agroneg\u00f3cio, Ant\u00f4nio Cabrera, que foi ministro da agricultura possui largo conhecimento da vida no campo, nos neg\u00f3cios e \u00e9 um colaborador do Com Cristo no Cerrado.<\/p>\n\n\n\n<p>Antes da palestra de Ant\u00f4nio Cabrera, Alberto Schlatter deu as boas vindas ao p\u00fablico e destacou a import\u00e2ncia do cristianismo e a dissemina\u00e7\u00e3o da palavra de Deus aos homens e mulheres do agro e demais atividades ligadas ao agroneg\u00f3cio.<\/p>\n\n\n\n<figure class=\"wp-block-image\"><img decoding=\"async\" src=\"https:\/\/jovemsulnews.com.br\/wp-content\/uploads\/2023\/03\/PALESTRA-COM-ANTONIO-CABRERA-PARTICIPANTES-NA-TV.jpeg\" alt=\"\" class=\"wp-image-40166\"\/><\/figure>\n\n\n\n<p>Cabrera destacou a necessidade de se levar a palavra de Deus para todas as pessoas, independentemente da sua posi\u00e7\u00e3o social, econ\u00f4mica dentro e fora ao agroneg\u00f3cio e demais atividades econ\u00f4micas, visando o equil\u00edbrio pessoal, social e econ\u00f4mico.<\/p>\n\n\n\n<p>Durante o evento foram distribu\u00eddas B\u00edblias Sagradas, editadas pelo Com Cristo no Cerrado e outras publica\u00e7\u00f5es do cristianismo e motivacionais.<\/p>\n\n\n\n<p>O importante evento em Campo Verde chamou a aten\u00e7\u00e3o da imprensa local e a TV Real, afiliada do SBT, Sistema Brasileiro de Televis\u00e3o, realizou reportagem sobre a palestra. (veja abaixo).<\/p>\n\n\n\n<p>Foram parceiros nesta iniciativa do Com Cristo no Cerrado: CONPCAVE, CEMP e Prefeitura Municipal de Campo Verde.<\/p>\n\n\n\n<figure class=\"wp-block-image\"><img decoding=\"async\" src=\"https:\/\/jovemsulnews.com.br\/wp-content\/uploads\/2023\/03\/BIBLIAS-DO-COM-CRISTO-NO-CERRADO.jpeg\" alt=\"\" class=\"wp-image-40167\"\/><\/figure>\n\n\n\n<p class=\"has-text-align-right\">Fonte: Jovem Sul News.<\/p>\n\n\n\n<figure class=\"wp-block-embed is-type-video is-provider-youtube wp-block-embed-youtube wp-embed-aspect-16-9 wp-has-aspect-ratio\"><div class=\"wp-block-embed__wrapper\">\n<iframe loading=\"lazy\" title=\"Palestra sobre agroneg\u00f3cio com ex ministro da agricultura Ant\u00f4nio Cabrera \u00e9 realizada em Campo Verde\" width=\"767\" height=\"431\" src=\"https:\/\/www.youtube.com\/embed\/ZgbyuJGDZt8?feature=oembed\" frameborder=\"0\" allow=\"accelerometer; autoplay; clipboard-write; encrypted-media; gyroscope; picture-in-picture; web-share\" allowfullscreen><\/iframe>\n<\/div><\/figure>\n","protected":false},"excerpt":{"rendered":"<p>O ex-ministro da agricultura, Antonio Cabrera palestrou, a convite do Com Cristo no Cerrado e parceiros, no Centro Empresarial da cidade de Campo Verde (MT), com o tema: Perspectivas de &hellip; <\/p>\n","protected":false},"author":2,"featured_media":1046,"comment_status":"open","ping_status":"open","sticky":false,"template":"","format":"standard","meta":{"footnotes":""},"categories":[1],"tags":[],"class_list":["post-1043","post","type-post","status-publish","format-standard","has-post-thumbnail","hentry","category-textos"],"_links":{"self":[{"href":"https:\/\/comcristonocerrado.org\/index.php?rest_route=\/wp\/v2\/posts\/1043","targetHints":{"allow":["GET"]}}],"collection":[{"href":"https:\/\/comcristonocerrado.org\/index.php?rest_route=\/wp\/v2\/posts"}],"about":[{"href":"https:\/\/comcristonocerrado.org\/index.php?rest_route=\/wp\/v2\/types\/post"}],"author":[{"embeddable":true,"href":"https:\/\/comcristonocerrado.org\/index.php?rest_route=\/wp\/v2\/users\/2"}],"replies":[{"embeddable":true,"href":"https:\/\/comcristonocerrado.org\/index.php?rest_route=%2Fwp%2Fv2%2Fcomments&post=1043"}],"version-history":[{"count":1,"href":"https:\/\/comcristonocerrado.org\/index.php?rest_route=\/wp\/v2\/posts\/1043\/revisions"}],"predecessor-version":[{"id":1045,"href":"https:\/\/comcristonocerrado.org\/index.php?rest_route=\/wp\/v2\/posts\/1043\/revisions\/1045"}],"wp:featuredmedia":[{"embeddable":true,"href":"https:\/\/comcristonocerrado.org\/index.php?rest_route=\/wp\/v2\/media\/1046"}],"wp:attachment":[{"href":"https:\/\/comcristonocerrado.org\/index.php?rest_route=%2Fwp%2Fv2%2Fmedia&parent=1043"}],"wp:term":[{"taxonomy":"category","embeddable":true,"href":"https:\/\/comcristonocerrado.org\/index.php?rest_route=%2Fwp%2Fv2%2Fcategories&post=1043"},{"taxonomy":"post_tag","embeddable":true,"href":"https:\/\/comcristonocerrado.org\/index.php?rest_route=%2Fwp%2Fv2%2Ftags&post=1043"}],"curies":[{"name":"wp","href":"https:\/\/api.w.org\/{rel}","templated":true}]}}