{"id":199,"date":"2020-12-07T14:34:06","date_gmt":"2020-12-07T17:34:06","guid":{"rendered":"https:\/\/comcristonocerrado.org\/?p=199"},"modified":"2020-12-07T14:35:43","modified_gmt":"2020-12-07T17:35:43","slug":"feliz-natal","status":"publish","type":"post","link":"https:\/\/comcristonocerrado.org\/?p=199","title":{"rendered":"Feliz Natal!"},"content":{"rendered":"\n<h2 class=\"wp-block-heading\"><span style=\"color:#238d6b\" class=\"has-inline-color\">\u00c9 NATAL<\/span><\/h2>\n\n\n\n<div class=\"wp-block-image is-style-default\"><figure class=\"alignleft size-large is-resized\"><img loading=\"lazy\" decoding=\"async\" src=\"http:\/\/comcristonocerrado.org\/wp-content\/uploads\/2020\/12\/E\u0301-NATAL-1-edited-1.png\" alt=\"\" class=\"wp-image-204\" width=\"257\" height=\"257\" srcset=\"https:\/\/comcristonocerrado.org\/wp-content\/uploads\/2020\/12\/E\u0301-NATAL-1-edited-1.png 231w, https:\/\/comcristonocerrado.org\/wp-content\/uploads\/2020\/12\/E\u0301-NATAL-1-edited-1-150x150.png 150w, https:\/\/comcristonocerrado.org\/wp-content\/uploads\/2020\/12\/E\u0301-NATAL-1-edited-1-60x60.png 60w\" sizes=\"auto, (max-width: 257px) 100vw, 257px\" \/><figcaption>Equipe Com Cristo no Cerrado<\/figcaption><\/figure><\/div>\n\n\n\n<p>Natal \u00e9 amor, \u00e9 esperan\u00e7a, \u00e9 paz e \u00e9 perd\u00e3o. Esses s\u00e3o os sentimentos com que devemos viver a celebra\u00e7\u00e3o do nascimento do nosso Salvador. E que Jesus renas\u00e7a no cora\u00e7\u00e3o de todos n\u00f3s, fortificando nossa F\u00e9!<\/p>\n\n\n\n<p>Desejamos um Feliz Natal para voc\u00ea, e que a sua casa se encha de alegria, amor e harmonia. Que todos seus entes queridos se juntem a voc\u00ea e celebrem essa data na paz de Cristo. <\/p>\n\n\n\n<p>Que Deus aben\u00e7oe e ilumine o seu caminho no ano que vai come\u00e7ar com muita sa\u00fade, paz, amizade e amor. Que a chama da F\u00e9 jamais esmore\u00e7a em seu cora\u00e7\u00e3o e seja sua for\u00e7a nas tribula\u00e7\u00f5es. <\/p>\n","protected":false},"excerpt":{"rendered":"<p>\u00c9 NATAL Natal \u00e9 amor, \u00e9 esperan\u00e7a, \u00e9 paz e \u00e9 perd\u00e3o. Esses s\u00e3o os sentimentos com que devemos viver a celebra\u00e7\u00e3o do nascimento do nosso Salvador. E que Jesus &hellip; <\/p>\n","protected":false},"author":1,"featured_media":0,"comment_status":"open","ping_status":"open","sticky":false,"template":"","format":"standard","meta":{"footnotes":""},"categories":[5],"tags":[],"class_list":["post-199","post","type-post","status-publish","format-standard","hentry","category-mensagens"],"_links":{"self":[{"href":"https:\/\/comcristonocerrado.org\/index.php?rest_route=\/wp\/v2\/posts\/199","targetHints":{"allow":["GET"]}}],"collection":[{"href":"https:\/\/comcristonocerrado.org\/index.php?rest_route=\/wp\/v2\/posts"}],"about":[{"href":"https:\/\/comcristonocerrado.org\/index.php?rest_route=\/wp\/v2\/types\/post"}],"author":[{"embeddable":true,"href":"https:\/\/comcristonocerrado.org\/index.php?rest_route=\/wp\/v2\/users\/1"}],"replies":[{"embeddable":true,"href":"https:\/\/comcristonocerrado.org\/index.php?rest_route=%2Fwp%2Fv2%2Fcomments&post=199"}],"version-history":[{"count":2,"href":"https:\/\/comcristonocerrado.org\/index.php?rest_route=\/wp\/v2\/posts\/199\/revisions"}],"predecessor-version":[{"id":205,"href":"https:\/\/comcristonocerrado.org\/index.php?rest_route=\/wp\/v2\/posts\/199\/revisions\/205"}],"wp:attachment":[{"href":"https:\/\/comcristonocerrado.org\/index.php?rest_route=%2Fwp%2Fv2%2Fmedia&parent=199"}],"wp:term":[{"taxonomy":"category","embeddable":true,"href":"https:\/\/comcristonocerrado.org\/index.php?rest_route=%2Fwp%2Fv2%2Fcategories&post=199"},{"taxonomy":"post_tag","embeddable":true,"href":"https:\/\/comcristonocerrado.org\/index.php?rest_route=%2Fwp%2Fv2%2Ftags&post=199"}],"curies":[{"name":"wp","href":"https:\/\/api.w.org\/{rel}","templated":true}]}}