{"id":222,"date":"2021-02-23T15:57:40","date_gmt":"2021-02-23T18:57:40","guid":{"rendered":"https:\/\/comcristonocerrado.org\/?p=222"},"modified":"2021-02-23T15:57:40","modified_gmt":"2021-02-23T18:57:40","slug":"com-cristo-no-cerrado-promove-adesivagem-de-veiculos-com-a-bandeira-do-brasil","status":"publish","type":"post","link":"https:\/\/comcristonocerrado.org\/?p=222","title":{"rendered":"Com Cristo no Cerrado promove adesivagem de ve\u00edculos com a Bandeira do Brasil"},"content":{"rendered":"\n<p>Na pr\u00f3xima quarta-feira, 10 de fevereiro, o Com Cristo no Cerrado, de Chapad\u00e3o do Sul promove um dia de adesivagem no centro da cidade.<\/p>\n\n\n\n<p>A inten\u00e7\u00e3o da entidade \u00e9 adesivar o maior n\u00famero poss\u00edvel de ve\u00edculos de Chapad\u00e3o do Sul com a Bandeira do Brasil.<\/p>\n\n\n\n<p>O Projeto Com Cristo no Cerrado foi idealizado pelo empres\u00e1rio Alberto Schlatter, nasceu com o objetivo de levar a palavra de Deus aos empres\u00e1rios, pol\u00edticos e produtores de todo o Brasil, sem uma denomina\u00e7\u00e3o religiosa, com distribui\u00e7\u00e3o de B\u00edblias.<\/p>\n\n\n\n<p>Agora o Com Cristo no Cerrado lan\u00e7ou o projeto P\u00e1tria Amada Brasil, com a pretens\u00e3o de incentivar toda a popula\u00e7\u00e3o, independente de suas ideologias pol\u00edticas ou partid\u00e1rias, a se manifestar a favor do Brasil.<\/p>\n\n\n\n<p>Segundo os dirigentes do Com Cristo no Cerrado, o bem maior de uma sociedade \u00e9 a sua liberdade. Passamos por um momento muito delicado da vida pol\u00edtica em nosso pa\u00eds e \u00e9 dever de todo crist\u00e3o primar pela liberdade e este \u00e9 o momento de nos manifestarmos em favor de nossa P\u00e1tria. Foi a partir desta constata\u00e7\u00e3o que o Com Cristo no Cerrado idealizou a campanha P\u00e1tria Amada Brasil.<\/p>\n\n\n\n<p>Nesta quarta-feira, 10 de fevereiro, passe com seu ve\u00edculo pela esquina da Avenida Onze com a Avenida Dois, no centro da cidade, receba e permita a adesivagem gratuita da Bandeira do Brasil.<\/p>\n\n\n\n<p>Todos os homens e mulheres devem assumir a sua posi\u00e7\u00e3o de patriota e se manifestar atrav\u00e9s do s\u00edmbolo maior da p\u00e1tria, a Bandeira Nacional.<\/p>\n","protected":false},"excerpt":{"rendered":"<p>Na pr\u00f3xima quarta-feira, 10 de fevereiro, o Com Cristo no Cerrado, de Chapad\u00e3o do Sul promove um dia de adesivagem no centro da cidade. A inten\u00e7\u00e3o da entidade \u00e9 adesivar &hellip; <\/p>\n","protected":false},"author":2,"featured_media":224,"comment_status":"open","ping_status":"open","sticky":false,"template":"","format":"standard","meta":{"footnotes":""},"categories":[1],"tags":[],"class_list":["post-222","post","type-post","status-publish","format-standard","has-post-thumbnail","hentry","category-textos"],"_links":{"self":[{"href":"https:\/\/comcristonocerrado.org\/index.php?rest_route=\/wp\/v2\/posts\/222","targetHints":{"allow":["GET"]}}],"collection":[{"href":"https:\/\/comcristonocerrado.org\/index.php?rest_route=\/wp\/v2\/posts"}],"about":[{"href":"https:\/\/comcristonocerrado.org\/index.php?rest_route=\/wp\/v2\/types\/post"}],"author":[{"embeddable":true,"href":"https:\/\/comcristonocerrado.org\/index.php?rest_route=\/wp\/v2\/users\/2"}],"replies":[{"embeddable":true,"href":"https:\/\/comcristonocerrado.org\/index.php?rest_route=%2Fwp%2Fv2%2Fcomments&post=222"}],"version-history":[{"count":1,"href":"https:\/\/comcristonocerrado.org\/index.php?rest_route=\/wp\/v2\/posts\/222\/revisions"}],"predecessor-version":[{"id":225,"href":"https:\/\/comcristonocerrado.org\/index.php?rest_route=\/wp\/v2\/posts\/222\/revisions\/225"}],"wp:featuredmedia":[{"embeddable":true,"href":"https:\/\/comcristonocerrado.org\/index.php?rest_route=\/wp\/v2\/media\/224"}],"wp:attachment":[{"href":"https:\/\/comcristonocerrado.org\/index.php?rest_route=%2Fwp%2Fv2%2Fmedia&parent=222"}],"wp:term":[{"taxonomy":"category","embeddable":true,"href":"https:\/\/comcristonocerrado.org\/index.php?rest_route=%2Fwp%2Fv2%2Fcategories&post=222"},{"taxonomy":"post_tag","embeddable":true,"href":"https:\/\/comcristonocerrado.org\/index.php?rest_route=%2Fwp%2Fv2%2Ftags&post=222"}],"curies":[{"name":"wp","href":"https:\/\/api.w.org\/{rel}","templated":true}]}}