{"id":725,"date":"2022-03-23T16:09:23","date_gmt":"2022-03-23T19:09:23","guid":{"rendered":"https:\/\/comcristonocerrado.org\/?p=725"},"modified":"2022-03-23T16:09:24","modified_gmt":"2022-03-23T19:09:24","slug":"pioneira-no-municipio-ana-lucia-schlatter-matsumoto-foi-homenageada-pelo-poder-legislativo-pelo-dia-internacional-da-mulher","status":"publish","type":"post","link":"https:\/\/comcristonocerrado.org\/?p=725","title":{"rendered":"Pioneira no munic\u00edpio, Ana L\u00facia Schlatter Matsumoto foi homenageada pelo Poder Legislativo pelo Dia Internacional da Mulher."},"content":{"rendered":"\n<figure class=\"wp-block-image size-large\"><img loading=\"lazy\" decoding=\"async\" width=\"1537\" height=\"1024\" src=\"http:\/\/comcristonocerrado.org\/wp-content\/uploads\/2022\/03\/Ana-Lucia-e-Familia-1537x1024.jpeg\" alt=\"\" class=\"wp-image-726\" srcset=\"https:\/\/comcristonocerrado.org\/wp-content\/uploads\/2022\/03\/Ana-Lucia-e-Familia-1537x1024.jpeg 1537w, https:\/\/comcristonocerrado.org\/wp-content\/uploads\/2022\/03\/Ana-Lucia-e-Familia-300x200.jpeg 300w, https:\/\/comcristonocerrado.org\/wp-content\/uploads\/2022\/03\/Ana-Lucia-e-Familia-768x512.jpeg 768w, https:\/\/comcristonocerrado.org\/wp-content\/uploads\/2022\/03\/Ana-Lucia-e-Familia-1536x1023.jpeg 1536w, https:\/\/comcristonocerrado.org\/wp-content\/uploads\/2022\/03\/Ana-Lucia-e-Familia-90x60.jpeg 90w, https:\/\/comcristonocerrado.org\/wp-content\/uploads\/2022\/03\/Ana-Lucia-e-Familia-370x247.jpeg 370w, https:\/\/comcristonocerrado.org\/wp-content\/uploads\/2022\/03\/Ana-Lucia-e-Familia-776x517.jpeg 776w, https:\/\/comcristonocerrado.org\/wp-content\/uploads\/2022\/03\/Ana-Lucia-e-Familia.jpeg 1600w\" sizes=\"auto, (max-width: 1537px) 100vw, 1537px\" \/><\/figure>\n\n\n\n<figure class=\"wp-block-pullquote has-text-align-center\"><blockquote><p>Ana L\u00facia Schlatter Matsumoto recebe homenagem da C\u00e2mara Municipal de Chapad\u00e3o do Sul.<\/p><\/blockquote><\/figure>\n\n\n\n<p class=\"has-text-align-left\">Pioneira no munic\u00edpio, Ana L\u00facia Schlatter Matsumoto foi homenageada pelo Poder Legislativo pelo Dia Internacional da Mulher. A honraria foi concedida \u00e0s mulheres que se destacavam em tr\u00eas principais quesitos: Pioneirismo, Empreendedorismo e A\u00e7\u00e3o Social, quesitos estes, os quais o hist\u00f3rico de Ana L\u00facia atende os tr\u00eas.<\/p>\n\n\n\n<p>Pioneira na regi\u00e3o, chegou a Chapad\u00e3o no ano de 1988 acreditou na regi\u00e3o e hoje colhe os frutos de um trabalho bem desenvolvido. Empres\u00e1ria de sucesso no ramo do agroneg\u00f3cio, trabalhando com cria\u00e7\u00e3o de gado, produ\u00e7\u00e3o de cereais, revenda de defensivos agr\u00edcolas, armazenamento de gr\u00e3os, cana de a\u00e7\u00facar. Ana L\u00facia come\u00e7ou sua trajet\u00f3ria junto com seu marido Paulo Keiji Matsumoto h\u00e1 mais de 40 anos com apenas seis hectares de terra no estado do Paran\u00e1.<\/p>\n\n\n\n<p>Embora hoje conte com a ajuda e o apoio de seus filhos e de muitos colaboradores, nem sempre foi desta forma, mulher de fibra com garra e determina\u00e7\u00e3o, Ana L\u00facia por in\u00fameras vezes foi \u201c\u00e1 campo\u201d e colocou a m\u00e3o na massa junto com seu marido. Quando chegaram \u00e0 Chapad\u00e3o do Sul, Ana al\u00e9m de cuidar de todas as fun\u00e7\u00f5es de casa e cuidar dos filhos, ainda desempenhava in\u00fameras fun\u00e7\u00f5es na fazenda junto com seu marido no campo.<br>Nunca se deixou abalar pelas dificuldades e, em todos os seus empreendimentos foi sempre muito temente a DEUS, colocando sempre a vontade Dele sobre a sua e mantendo-se fiel ao prop\u00f3sito de DEUS em sua vida. Ana L\u00facia criou tr\u00eas filhos que hoje s\u00e3o homens com prop\u00f3sito e somam nos ideais do Grupo Matsumoto, o qual ela \u00e9 a CEO.<\/p>\n\n\n\n<p>Na \u00e1rea social, sempre foi atuante mesmo que de forma discreta, apoia projetos sociais na cidade, contribui com diversas a\u00e7\u00f5es e iniciativas, principalmente na \u00e1rea religiosa, tudo sempre feito sem vaidades, apenas com o desejo de ajudar o pr\u00f3ximo, inclusive participa do Projeto Com Cristo no Cerrado desde a sua funda\u00e7\u00e3o, projeto este que visa levar a palavra de DEUS e os valores da fam\u00edlia \u00e0 nossa regi\u00e3o.<\/p>\n\n\n\n<p>Diante de tantos feitos e de uma trajet\u00f3ria t\u00e3o vitoriosa, temos a certeza de que Ana L\u00facia Schlatter Matsumoto \u00e9 grande merecedora desta honraria a ela dedicada. Mulher corajosa que sempre acreditou nos seus projetos e os desempenhou com muita bravura. Parab\u00e9ns, Ana L\u00facia, voc\u00ea \u00e9 um espelho para muitos!<\/p>\n","protected":false},"excerpt":{"rendered":"<p>Ana L\u00facia Schlatter Matsumoto recebe homenagem da C\u00e2mara Municipal de Chapad\u00e3o do Sul. Pioneira no munic\u00edpio, Ana L\u00facia Schlatter Matsumoto foi homenageada pelo Poder Legislativo pelo Dia Internacional da Mulher. &hellip; <\/p>\n","protected":false},"author":2,"featured_media":726,"comment_status":"open","ping_status":"open","sticky":false,"template":"","format":"standard","meta":{"footnotes":""},"categories":[1],"tags":[],"class_list":["post-725","post","type-post","status-publish","format-standard","has-post-thumbnail","hentry","category-textos"],"_links":{"self":[{"href":"https:\/\/comcristonocerrado.org\/index.php?rest_route=\/wp\/v2\/posts\/725","targetHints":{"allow":["GET"]}}],"collection":[{"href":"https:\/\/comcristonocerrado.org\/index.php?rest_route=\/wp\/v2\/posts"}],"about":[{"href":"https:\/\/comcristonocerrado.org\/index.php?rest_route=\/wp\/v2\/types\/post"}],"author":[{"embeddable":true,"href":"https:\/\/comcristonocerrado.org\/index.php?rest_route=\/wp\/v2\/users\/2"}],"replies":[{"embeddable":true,"href":"https:\/\/comcristonocerrado.org\/index.php?rest_route=%2Fwp%2Fv2%2Fcomments&post=725"}],"version-history":[{"count":2,"href":"https:\/\/comcristonocerrado.org\/index.php?rest_route=\/wp\/v2\/posts\/725\/revisions"}],"predecessor-version":[{"id":728,"href":"https:\/\/comcristonocerrado.org\/index.php?rest_route=\/wp\/v2\/posts\/725\/revisions\/728"}],"wp:featuredmedia":[{"embeddable":true,"href":"https:\/\/comcristonocerrado.org\/index.php?rest_route=\/wp\/v2\/media\/726"}],"wp:attachment":[{"href":"https:\/\/comcristonocerrado.org\/index.php?rest_route=%2Fwp%2Fv2%2Fmedia&parent=725"}],"wp:term":[{"taxonomy":"category","embeddable":true,"href":"https:\/\/comcristonocerrado.org\/index.php?rest_route=%2Fwp%2Fv2%2Fcategories&post=725"},{"taxonomy":"post_tag","embeddable":true,"href":"https:\/\/comcristonocerrado.org\/index.php?rest_route=%2Fwp%2Fv2%2Ftags&post=725"}],"curies":[{"name":"wp","href":"https:\/\/api.w.org\/{rel}","templated":true}]}}