{"id":963,"date":"2022-07-11T11:20:54","date_gmt":"2022-07-11T14:20:54","guid":{"rendered":"https:\/\/comcristonocerrado.org\/?p=963"},"modified":"2022-07-11T11:20:56","modified_gmt":"2022-07-11T14:20:56","slug":"evento-com-palestrantes-nacionais-e-internacionais-abre-espaco-para-pronunciamento-de-alberto-schlatter-sobre-cristianismo-e-patriotismo","status":"publish","type":"post","link":"https:\/\/comcristonocerrado.org\/?p=963","title":{"rendered":"Evento com palestrantes nacionais e internacionais abre espa\u00e7o para pronunciamento de Alberto Schlatter sobre cristianismo e patriotismo"},"content":{"rendered":"\n<p><strong><em>Os maiores homens e mulheres de neg\u00f3cios reconhecem a f\u00e9 e perseveran\u00e7a de Alberto Schlatter no Cristianismo.<\/em><\/strong><\/p>\n\n\n\n<figure class=\"wp-block-image\"><img decoding=\"async\" src=\"https:\/\/jovemsulnews.com.br\/wp-content\/uploads\/2022\/07\/ALBERTO-SCHLATTER-NO-ANHEMBI-JUNHO-2022-1024x640.jpg\" alt=\"\" class=\"wp-image-31689\"\/><figcaption><em>Em seu pronunciamento, Alberto falou da honra em falar para uma elite de empres\u00e1rios brasileiros tementes a Deus<\/em><\/figcaption><\/figure>\n\n\n\n<p>O empres\u00e1rio e produtor rural, s\u00f3cio fundador e Presidente do Com Cristo no Cerrado, Alberto Schlatter foi convidado para participar da Confer\u00eancia Internacional do Homens com Prop\u00f3sito e Mulheres Incr\u00edveis, realizado no in\u00edcio de junho, no Anhembi, S\u00e3o Paulo.<\/p>\n\n\n\n<p>Durante o evento, o preletor, palestrante do Homens com Prop\u00f3sito, Pr. Marcelo Gomes fez um breve relato sobre Alberto Schlatter, sua disposi\u00e7\u00e3o aos 90 anos de idade, completados neste pr\u00f3ximo m\u00eas de agosto e suas obras em prol do cristianismo, das fam\u00edlias e da p\u00e1tria, atrav\u00e9s do Com Cristo no Cerrado.<\/p>\n\n\n\n<p>Antes mesmo de subir ao palco, as mais de duas mil pessoas, entre homens e mulheres, al\u00e9m dos palestrantes convidados, Alberto Schlatter j\u00e1 arrancou aplausos, reconhecimento de sua personalidade, f\u00e9 crist\u00e3 e dedica\u00e7\u00e3o ao cristianismo, valoriza\u00e7\u00e3o da fam\u00edlia e patriotismo.<\/p>\n\n\n\n<p>Ocorre que antes daquela confer\u00eancia internacional, Alberto Schlatter participou de um grupo de empres\u00e1rios que estiveram em um almo\u00e7o, em Bras\u00edlia, com o Presidente da Rep\u00fablica Jair Messias Bolsonaro. Na oportunidade foi entregue mais uma B\u00edblia personalizada do Com Cristo no Cerrado ao Chefe do Executivo. Esse fato foi lembrado por Alberto Schlatter durante o seu pronunciamento na confer\u00eancia internacional, para refor\u00e7ar a import\u00e2ncia do trabalho para difundir a palavra de Deus entre os homens e mulheres de neg\u00f3cio e dirigentes p\u00fablicos.<\/p>\n\n\n\n<p>Em seu pronunciamento, Alberto falou da honra em falar para uma elite de empres\u00e1rios brasileiros tementes a Deus. Lembrou que o Com Cristo no Cerrado n\u00e3o possui, ou defende denomina\u00e7\u00e3o religiosa, existe para auxiliar todas elas (as denomina\u00e7\u00f5es) para que tenham mais comprometimento com Deus. \u201cInfelizmente, atualmente o cristianismo est\u00e1 fora dos projetos que Deus tem para n\u00f3s\u201d. Disse \u00e0 plateia. \u201cN\u00e3o devemos ser apenas filhos de Deus, porque filho \u00e9 como herdeiro, n\u00e3o tem m\u00e9ritos, al\u00e9m de ser filhos, que \u00e9 um privil\u00e9gio, temos que ser seguidores, disc\u00edpulos de Jesus, servos do Senhor, \u201carrega\u00e7ar\u201d as mangas da camisa que Deus aben\u00e7oa poderosamente\u201d, testemunhou.<\/p>\n\n\n\n<p>Ao final ele lembrou dos milhares de b\u00edblias do Com Cristo no Cerrado, j\u00e1 distribu\u00eddas, at\u00e9 mesmo v\u00e1rias para o atual Presidente da Rep\u00fablica Jair Bolsonaro, o que considerou uma grande honra, por ser ele tamb\u00e9m defensor da p\u00e1tria, fam\u00edlia e Deus.<\/p>\n\n\n\n<p>\u201cN\u00e3o sou letrado como os grandes palestrantes nacionais e internacionais, mas estou sendo usado por Deus e assim posso participar de eventos da magnitude como a Confer\u00eancia Internacional do Homens com Prop\u00f3sito e Mulheres Incr\u00edveis para dar o testemunho de Deus\u201d. Alberto Schlatter.<\/p>\n\n\n\n<p>O v\u00eddeo com a fala de Alberto Schlatter (abaixo) foi publicada em redes sociais e recebeu dezenas de rea\u00e7\u00f5es positivas dos grandes empres\u00e1rios do Brasil, principalmente daqueles pertencentes ao grupo que almo\u00e7ou com o Presidente Bolsonaro.<\/p>\n\n\n\n<h6 class=\"wp-block-heading\"><a href=\"https:\/\/jovemsulnews.com.br\/noticias\/evento-com-palestrantes-nacionais-e-internacionais-abre-espaco-para-pronunciamento-de-alberto-schlatter-sobre-cristianismo-e-patriotismo\/\">https:\/\/jovemsulnews.com.br\/noticias\/evento<\/a><a rel=\"noreferrer noopener\" href=\"https:\/\/jovemsulnews.com.br\/noticias\/evento-com-palestrantes-nacionais-e-internacionais-abre-espaco-para-pronunciamento-de-alberto-schlatter-sobre-cristianismo-e-patriotismo\/\" target=\"_blank\">-com-palestrantes-nacionais-e-internacionais-abre-espaco-para-pronunciamento-de-alberto-schlatter-sobre-cristianismo-e-patriotismo\/<\/a><\/h6>\n\n\n\n<p>Veja baixo o v\u00eddeo da participa\u00e7\u00e3o de Alberto Schlatter na confer\u00eancia:<\/p>\n\n\n\n<figure class=\"wp-block-embed is-type-video is-provider-youtube wp-block-embed-youtube wp-embed-aspect-16-9 wp-has-aspect-ratio\"><div class=\"wp-block-embed__wrapper\">\n<iframe loading=\"lazy\" title=\"Sr. Alberto Schlatter discursando no Anhembi!!!\" width=\"767\" height=\"431\" src=\"https:\/\/www.youtube.com\/embed\/9odcf8CBzH0?feature=oembed\" frameborder=\"0\" allow=\"accelerometer; autoplay; clipboard-write; encrypted-media; gyroscope; picture-in-picture\" allowfullscreen><\/iframe>\n<\/div><\/figure>\n","protected":false},"excerpt":{"rendered":"<p>Os maiores homens e mulheres de neg\u00f3cios reconhecem a f\u00e9 e perseveran\u00e7a de Alberto Schlatter no Cristianismo. O empres\u00e1rio e produtor rural, s\u00f3cio fundador e Presidente do Com Cristo no &hellip; <\/p>\n","protected":false},"author":2,"featured_media":965,"comment_status":"open","ping_status":"open","sticky":false,"template":"","format":"standard","meta":{"footnotes":""},"categories":[1],"tags":[],"class_list":["post-963","post","type-post","status-publish","format-standard","has-post-thumbnail","hentry","category-textos"],"_links":{"self":[{"href":"https:\/\/comcristonocerrado.org\/index.php?rest_route=\/wp\/v2\/posts\/963","targetHints":{"allow":["GET"]}}],"collection":[{"href":"https:\/\/comcristonocerrado.org\/index.php?rest_route=\/wp\/v2\/posts"}],"about":[{"href":"https:\/\/comcristonocerrado.org\/index.php?rest_route=\/wp\/v2\/types\/post"}],"author":[{"embeddable":true,"href":"https:\/\/comcristonocerrado.org\/index.php?rest_route=\/wp\/v2\/users\/2"}],"replies":[{"embeddable":true,"href":"https:\/\/comcristonocerrado.org\/index.php?rest_route=%2Fwp%2Fv2%2Fcomments&post=963"}],"version-history":[{"count":2,"href":"https:\/\/comcristonocerrado.org\/index.php?rest_route=\/wp\/v2\/posts\/963\/revisions"}],"predecessor-version":[{"id":967,"href":"https:\/\/comcristonocerrado.org\/index.php?rest_route=\/wp\/v2\/posts\/963\/revisions\/967"}],"wp:featuredmedia":[{"embeddable":true,"href":"https:\/\/comcristonocerrado.org\/index.php?rest_route=\/wp\/v2\/media\/965"}],"wp:attachment":[{"href":"https:\/\/comcristonocerrado.org\/index.php?rest_route=%2Fwp%2Fv2%2Fmedia&parent=963"}],"wp:term":[{"taxonomy":"category","embeddable":true,"href":"https:\/\/comcristonocerrado.org\/index.php?rest_route=%2Fwp%2Fv2%2Fcategories&post=963"},{"taxonomy":"post_tag","embeddable":true,"href":"https:\/\/comcristonocerrado.org\/index.php?rest_route=%2Fwp%2Fv2%2Ftags&post=963"}],"curies":[{"name":"wp","href":"https:\/\/api.w.org\/{rel}","templated":true}]}}